{"id":15867,"date":"2017-10-18T12:51:10","date_gmt":"2017-10-18T10:51:10","guid":{"rendered":"http:\/\/it.intoo.com\/?p=15867"},"modified":"2024-10-14T12:41:25","modified_gmt":"2024-10-14T12:41:25","slug":"limportanza-della-riqualificazione-professionale-attraverso-laggiornamento-continuo","status":"publish","type":"post","link":"https:\/\/www.intoo.com\/it\/limportanza-della-riqualificazione-professionale-attraverso-laggiornamento-continuo\/","title":{"rendered":"L&#8217;importanza della riqualificazione professionale attraverso l&#8217;aggiornamento continuo"},"content":{"rendered":"<p style=\"text-align: right\">di\u00a0<a href=\"https:\/\/www.linkedin.com\/in\/maryanaclerio\/\" target=\"_blank\" rel=\"noopener\">Maril\u00f9 Anaclerio<\/a>\u00a0\/<\/p>\n<p><em>Intervista a <strong>Roberto Savini<\/strong>, CEO di Quadrifor in occasione della vittoria \u2013 di concerto con INTOO \u2013 del premio come miglior progetto formativo dell\u2019anno per la Categoria Responsabilit\u00e0 Sociale<\/em><\/p>\n<p>\u201c<em>Prodotto formativo con un\u2019attenzione sociale tesa a non disperdere il patrimonio di conoscenze e competenze al termine del percorso lavorativo, ma utile per dare nuovi stimoli dopo il pensionamento, anche in ambito di volontariato no profit\u201d.<\/em><\/p>\n<p>Questa la motivazione letta il 7 settembre scorso, in occasione della consegna del primo premio &#8211; per la categoria Responsabilit\u00e0 Sociale &#8211; durante la serata di Premiazione del Prodotto Formativo dell\u2019anno 2017, organizzata da ESTE e dalla Rivista Persone&amp;Conoscenze.<\/p>\n<p>A vincerlo, <a href=\"http:\/\/www.quadrifor.it\/\" target=\"_blank\" rel=\"noopener noreferrer\"><strong>Quadrifor<\/strong><\/a> (societ\u00e0 di formazione per i Quadri del settore Terziario che opera a livello nazionale) con il corso ideato insieme ad <strong>INTOO<\/strong>\u00a0dal titolo: <u>Personal Branding: una sfida senza et\u00e0<\/u>, rivolto ad un target anagrafico di over 55.<\/p>\n<p><strong>Roberto Savini \u00e8 il CEO di Quadrifor e a lui chiediamo di spiegarci brevemente di cosa si occupa l\u2019Istituto che rappresenta.<\/strong><\/p>\n<p>Quadrifor \u00e8 un Istituto bilaterale di origine contrattuale (contratto del Terziario, Distribuzione e Servizi) che progetta e realizza iniziative formative per il Middle Management delle Imprese di questo settore. La nostra proposta \u00e8 in tutto e per tutto parte del welfare contrattuale. Il nostro scopo \u00e8 costruire un\u2019offerta formativa, per i quadri delle aziende iscritte all\u2019Istituto, coerente con le complessit\u00e0 e le esigenze proprie del comparto del Terziario, attraverso un pacchetto gratuito per le persone, perch\u00e9 viene finanziato dalle aziende e dai quadri stessi con un importo annuo complessivo di \u20ac75 per ogni quadro iscritto.<\/p>\n<p><strong>Qual \u00e8 stata l\u2019evoluzione dell\u2019offerta formativa di Quadrifor?<\/strong><\/p>\n<p>Io sono arrivato in Quadrifor alla fine del 2012 e, in quell\u2019anno, l\u2019offerta formativa si concretizzava unicamente nel Catalogo (con 48.000 quadri iscritti e 9.000 aziende). Ad oggi l\u2019offerta \u00e8 arrivata a spaziare dal catalogo, ai progetti interaziendali, aziendali, all\u2019e-learning, agli eventi formativi. Tutto questo con un numero di iscrizioni che ha superato le 60.000 unit\u00e0 e pi\u00f9 di 13.000 aziende clienti. Chiudiamo di fatto l\u2019anno con un totale di 5.400 persone che hanno preso parte alle nostre attivit\u00e0 \u00a0formative.<\/p>\n<p><strong>Come riuscite a costruire un pacchetto formativo adeguato ai bisogni concreti della platea che di volta in volta vi trovate davanti?<\/strong><\/p>\n<p>Su questo la missione di Quadrifor \u00e8 duplice.<br \/>\nDa un lato si tratta di costruire un\u2019offerta coerente con le problematiche che i Quadri si troveranno ad affrontare e per rispondere alla quale lavoriamo in partnership con societ\u00e0 di formazione, selezionandole in base alle loro competenze specifiche, (abbiamo 215 titoli a catalogo, 30 interaziendali, oltre ai corsi aziendali che sono customizzati sulle specificit\u00e0 ed esigenze del cliente).<br \/>\nDall\u2019altro, c\u2019\u00e8 una missione legata alla evoluzione della cultura formativa delle persone e dei loro ruoli. Si tratta, quindi, di andare a identificare i contenuti pi\u00f9 idonei a colmare eventuali gap di competenze, sia gestionali che legati all\u2019evoluzione tecnica. E, da questo punto di vista, i titoli pi\u00f9 richiesti sono quelli che toccano i temi delle soft skills, del project management, della innovazione e della digital transformation. In particolare su quest\u2019ultimo argomento, focus dell\u2019approfondimento formativo diventa il tema dell\u2019identificazione delle competenza pi\u00f9 adatte a cogliere l\u2019opportunit\u00e0 che la digital economy offre.<\/p>\n<p><strong>Qual \u00e8 a suo avviso l\u2019approccio che ad oggi le aziende hanno rispetto al tema della formazione?<\/strong><\/p>\n<p>Per comprenderlo al meglio, dobbiamo partire da un dato. Il 76% delle imprese nostre iscritte ha al suo interno meno di 4 quadri. Per lo pi\u00f9 si tratta, quindi, di PMI che, quasi sempre, decidono di investire su formazione che investe su un fabbisogno di breve periodo e molto meno su esigenze di medio-lungo termine.<br \/>\nAttraverso la formazione, dobbiamo riuscire a far fare loro quel salto di qualit\u00e0 che permetta di uscire da una dimensione di \u201ccorto raggio\u201d, dando ai lavoratori e alle loro aziende gli strumenti per diventare competitivi anche sul mercato globale, indipendentemente dalle dimensioni. La cultura professionale e la formazione sono, infatti, centrali per il miglioramento di tutte le organizzazioni.<\/p>\n<p><strong>Che tipo di offerta formativa presenta Quadrifor?<\/strong><\/p>\n<p>I Quadri hanno la possibilit\u00e0 di fruire di quattro corsi di formazione l\u2019anno di due giorni, oppure due corsi di formazione ed un percorso articolato in pi\u00f9 giornate. Inoltre possono partecipare a 10 corsi in e-learning (anche in inglese). Ci sono, poi, i corsi aziendali che hanno per lo pi\u00f9 come target le aziende di medio-grandi e grandi dimensioni e che possono anche prevedere anche interventi di consulenza per identificare pi\u00f9 puntualmente le esigenze formative dell\u2019impresa richiedente. Poi lanciamo anche progetti interaziendali che hanno maggiore flessibilit\u00e0 rispetto ai corsi a catalogo.<\/p>\n<p><strong>E di corso interaziendale si parla nel caso del progetto formativo sul tema del Personal Branding sviluppato di concerto con INTOO e che ha vinto il primo premio nella categoria della Responsabilit\u00e0 Sociale. Come \u00e8 nata l\u2019idea e la scelta di INTOO come partner dell\u2019iniziativa?<\/strong><\/p>\n<p>L\u2019idea \u00e8 nata da una mia riflessione sull\u2019importanza del tema, maturata in anni di esperienza come Direttore HR d\u2019 Azienda. Mi sono confrontato con Cetti Galante (AD di INTOO) ed abbiamo studiato e lanciato insieme il progetto. Il fine era quello di rendere i partecipanti consapevoli dei loro gap sul tema in oggetto e degli obiettivi da raggiungere, nonch\u00e9 degli strumenti e delle competenze necessarie per mettere a frutto il loro bagaglio di conoscenze ed esperienza, in altri ambiti professionali.<br \/>\nHo scelto <a href=\"https:\/\/www.intoo.com\/it\/\" target=\"_blank\" rel=\"noopener\">INTOO<\/a>, in quanto societ\u00e0 leader sul tema della riqualificazione professionale, collegata non solo al tema della transizione lavorativa, ma anche a quello dell\u2019aggiornamento continuo che migliora l\u2019employability delle persone all\u2019interno del contesto in cui operano.<\/p>\n<p><strong>Come si \u00e8 articolato il momento formativo?<\/strong><\/p>\n<p>Il percorso di seminari proposto sul tema del <em>Personal Branding come sfida senza et\u00e0 &#8211;<\/em> e rivolto ad un target anagrafico di over 55 &#8211; \u00a0si \u00e8 articolato attraverso quattro corsi che hanno approfondito tematiche relative all\u2019 attivit\u00e0 imprenditoriale, alla consulenza, al no profit, alla valorizzazione della propria identit\u00e0 professionale per la costruzione efficace del proprio continuum professionale.<br \/>\nIl corso ha avuto talmente tanto successo che ci ha ci \u00e8 stato chiesto di replicarlo.<\/p>\n<p><strong>Che cosa lega il concetto di Personal Branding a quello di Responsabilit\u00e0 Sociale d\u2019Impresa?<\/strong><\/p>\n<p>L\u2019idea di fatto nasce con in s\u00e9 caratteristiche che appartengono alla Responsabilit\u00e0 Sociale, perch\u00e9 va ad approfondire tematiche che sono di aiuto per chi si trova in una situazione di \u201cbilico professionale\u201do prematuramente fuori dal processo produttivo, consentendo loro di rimanerne all\u2019interno, valorizzando ed integrando il know how acquisito. Questo si ottiene, andando ad integrare il loro bagaglio di competenze tecnico-gestionali con quegli strumenti necessari all\u2019 adeguamento ad un mercato del lavoro sempre pi\u00f9 dinamico, liquido e competitivo.<br \/>\nTra gli obiettivi di Quadrifor vi \u00e8, infatti, sia quello di far diventare pi\u00f9 competitive le imprese, che di rendere i Quadri parte attiva di questo cambiamento.<\/p>\n","protected":false},"excerpt":{"rendered":"<p>di\u00a0Maril\u00f9 Anaclerio\u00a0\/ Intervista a Roberto Savini, CEO di Quadrifor in occasione della vittoria \u2013 di concerto con INTOO \u2013 del premio come miglior progetto formativo dell\u2019anno per la Categoria Responsabilit\u00e0 Sociale \u201cProdotto formativo con un\u2019attenzione sociale tesa a non disperdere il patrimonio di conoscenze e competenze al termine del percorso lavorativo, ma utile per dare [&hellip;]<\/p>\n","protected":false},"author":2,"featured_media":15874,"comment_status":"closed","ping_status":"open","sticky":false,"template":"","format":"standard","meta":{"_et_pb_use_builder":"","_et_pb_old_content":"","_et_gb_content_width":"","footnotes":"","_links_to":"","_links_to_target":""},"categories":[14,24],"tags":[28],"class_list":["post-15867","post","type-post","status-publish","format-standard","has-post-thumbnail","hentry","category-cat-blog","category-cambiare-lavoro","tag-riqualificazione-professionale"],"yoast_head":"<!-- This site is optimized with the Yoast SEO plugin v26.9 - https:\/\/yoast.com\/product\/yoast-seo-wordpress\/ -->\n<title>L&#039;importanza della riqualificazione professionale<\/title>\n<meta name=\"description\" content=\"Intervista al CEO di Quadrifor, vincitore del premio Miglior Progetto Formativo dell\u2019anno. Target: riqualificazione professionale\" \/>\n<meta name=\"robots\" content=\"index, follow, max-snippet:-1, max-image-preview:large, max-video-preview:-1\" \/>\n<link rel=\"canonical\" href=\"https:\/\/www.intoo.com\/it\/limportanza-della-riqualificazione-professionale-attraverso-laggiornamento-continuo\/\" \/>\n<meta property=\"og:locale\" content=\"it_IT\" \/>\n<meta property=\"og:type\" content=\"article\" \/>\n<meta property=\"og:title\" content=\"L&#039;importanza della riqualificazione professionale\" \/>\n<meta property=\"og:description\" content=\"Intervista al CEO di Quadrifor, vincitore del premio Miglior Progetto Formativo dell\u2019anno. Target: riqualificazione professionale\" \/>\n<meta property=\"og:url\" content=\"https:\/\/www.intoo.com\/it\/limportanza-della-riqualificazione-professionale-attraverso-laggiornamento-continuo\/\" \/>\n<meta property=\"og:site_name\" content=\"INTOO Italia\" \/>\n<meta property=\"article:published_time\" content=\"2017-10-18T10:51:10+00:00\" \/>\n<meta property=\"article:modified_time\" content=\"2024-10-14T12:41:25+00:00\" \/>\n<meta property=\"og:image\" content=\"https:\/\/www.intoo.com\/wp-content\/uploads\/sites\/3\/2017\/10\/riqualificazione-personale-scaled.jpg\" \/>\n\t<meta property=\"og:image:width\" content=\"2560\" \/>\n\t<meta property=\"og:image:height\" content=\"1877\" \/>\n\t<meta property=\"og:image:type\" content=\"image\/jpeg\" \/>\n<meta name=\"author\" content=\"elizabethkirk1\" \/>\n<meta name=\"twitter:card\" content=\"summary_large_image\" \/>\n<meta name=\"twitter:label1\" content=\"Written by\" \/>\n\t<meta name=\"twitter:data1\" content=\"elizabethkirk1\" \/>\n\t<meta name=\"twitter:label2\" content=\"Est. reading time\" \/>\n\t<meta name=\"twitter:data2\" content=\"7 minutes\" \/>\n<script type=\"application\/ld+json\" class=\"yoast-schema-graph\">{\"@context\":\"https:\/\/schema.org\",\"@graph\":[{\"@type\":\"Article\",\"@id\":\"https:\/\/www.intoo.com\/it\/limportanza-della-riqualificazione-professionale-attraverso-laggiornamento-continuo\/#article\",\"isPartOf\":{\"@id\":\"https:\/\/www.intoo.com\/it\/limportanza-della-riqualificazione-professionale-attraverso-laggiornamento-continuo\/\"},\"author\":{\"name\":\"elizabethkirk1\",\"@id\":\"https:\/\/www.intoo.com\/it\/#\/schema\/person\/3f7dc3d02001b96dbcc78a3242b4b874\"},\"headline\":\"L&#8217;importanza della riqualificazione professionale attraverso l&#8217;aggiornamento continuo\",\"datePublished\":\"2017-10-18T10:51:10+00:00\",\"dateModified\":\"2024-10-14T12:41:25+00:00\",\"mainEntityOfPage\":{\"@id\":\"https:\/\/www.intoo.com\/it\/limportanza-della-riqualificazione-professionale-attraverso-laggiornamento-continuo\/\"},\"wordCount\":1132,\"image\":{\"@id\":\"https:\/\/www.intoo.com\/it\/limportanza-della-riqualificazione-professionale-attraverso-laggiornamento-continuo\/#primaryimage\"},\"thumbnailUrl\":\"https:\/\/www.intoo.com\/wp-content\/uploads\/sites\/3\/2017\/10\/riqualificazione-personale-scaled.jpg\",\"keywords\":[\"riqualificazione professionale\"],\"articleSection\":[\"Blog\",\"Cambiare Lavoro\"],\"inLanguage\":\"it-IT\"},{\"@type\":\"WebPage\",\"@id\":\"https:\/\/www.intoo.com\/it\/limportanza-della-riqualificazione-professionale-attraverso-laggiornamento-continuo\/\",\"url\":\"https:\/\/www.intoo.com\/it\/limportanza-della-riqualificazione-professionale-attraverso-laggiornamento-continuo\/\",\"name\":\"L'importanza della riqualificazione professionale\",\"isPartOf\":{\"@id\":\"https:\/\/www.intoo.com\/it\/#website\"},\"primaryImageOfPage\":{\"@id\":\"https:\/\/www.intoo.com\/it\/limportanza-della-riqualificazione-professionale-attraverso-laggiornamento-continuo\/#primaryimage\"},\"image\":{\"@id\":\"https:\/\/www.intoo.com\/it\/limportanza-della-riqualificazione-professionale-attraverso-laggiornamento-continuo\/#primaryimage\"},\"thumbnailUrl\":\"https:\/\/www.intoo.com\/wp-content\/uploads\/sites\/3\/2017\/10\/riqualificazione-personale-scaled.jpg\",\"datePublished\":\"2017-10-18T10:51:10+00:00\",\"dateModified\":\"2024-10-14T12:41:25+00:00\",\"author\":{\"@id\":\"https:\/\/www.intoo.com\/it\/#\/schema\/person\/3f7dc3d02001b96dbcc78a3242b4b874\"},\"description\":\"Intervista al CEO di Quadrifor, vincitore del premio Miglior Progetto Formativo dell\u2019anno. Target: riqualificazione professionale\",\"breadcrumb\":{\"@id\":\"https:\/\/www.intoo.com\/it\/limportanza-della-riqualificazione-professionale-attraverso-laggiornamento-continuo\/#breadcrumb\"},\"inLanguage\":\"it-IT\",\"potentialAction\":[{\"@type\":\"ReadAction\",\"target\":[\"https:\/\/www.intoo.com\/it\/limportanza-della-riqualificazione-professionale-attraverso-laggiornamento-continuo\/\"]}]},{\"@type\":\"ImageObject\",\"inLanguage\":\"it-IT\",\"@id\":\"https:\/\/www.intoo.com\/it\/limportanza-della-riqualificazione-professionale-attraverso-laggiornamento-continuo\/#primaryimage\",\"url\":\"https:\/\/www.intoo.com\/wp-content\/uploads\/sites\/3\/2017\/10\/riqualificazione-personale-scaled.jpg\",\"contentUrl\":\"https:\/\/www.intoo.com\/wp-content\/uploads\/sites\/3\/2017\/10\/riqualificazione-personale-scaled.jpg\",\"width\":2560,\"height\":1877,\"caption\":\"riqualificazione professionale\"},{\"@type\":\"BreadcrumbList\",\"@id\":\"https:\/\/www.intoo.com\/it\/limportanza-della-riqualificazione-professionale-attraverso-laggiornamento-continuo\/#breadcrumb\",\"itemListElement\":[{\"@type\":\"ListItem\",\"position\":1,\"name\":\"Home\",\"item\":\"https:\/\/www.intoo.com\/it\/\"},{\"@type\":\"ListItem\",\"position\":2,\"name\":\"L&#8217;importanza della riqualificazione professionale attraverso l&#8217;aggiornamento continuo\"}]},{\"@type\":\"WebSite\",\"@id\":\"https:\/\/www.intoo.com\/it\/#website\",\"url\":\"https:\/\/www.intoo.com\/it\/\",\"name\":\"INTOO Italia\",\"description\":\"Leader nello Sviluppo dell\u2019employability e Transizione di Carriera in Italia\",\"potentialAction\":[{\"@type\":\"SearchAction\",\"target\":{\"@type\":\"EntryPoint\",\"urlTemplate\":\"https:\/\/www.intoo.com\/it\/?s={search_term_string}\"},\"query-input\":{\"@type\":\"PropertyValueSpecification\",\"valueRequired\":true,\"valueName\":\"search_term_string\"}}],\"inLanguage\":\"it-IT\"},{\"@type\":\"Person\",\"@id\":\"https:\/\/www.intoo.com\/it\/#\/schema\/person\/3f7dc3d02001b96dbcc78a3242b4b874\",\"name\":\"elizabethkirk1\",\"image\":{\"@type\":\"ImageObject\",\"inLanguage\":\"it-IT\",\"@id\":\"https:\/\/www.intoo.com\/it\/#\/schema\/person\/image\/\",\"url\":\"https:\/\/secure.gravatar.com\/avatar\/4fe0f44a6a3eb5244e1a9d785855bd2ce8965435a1f68b41adec0684bcc288df?s=96&d=mm&r=g\",\"contentUrl\":\"https:\/\/secure.gravatar.com\/avatar\/4fe0f44a6a3eb5244e1a9d785855bd2ce8965435a1f68b41adec0684bcc288df?s=96&d=mm&r=g\",\"caption\":\"elizabethkirk1\"},\"url\":\"https:\/\/www.intoo.com\/it\/author\/elizabethkirk1\/\"}]}<\/script>\n<!-- \/ Yoast SEO plugin. -->","yoast_head_json":{"title":"L'importanza della riqualificazione professionale","description":"Intervista al CEO di Quadrifor, vincitore del premio Miglior Progetto Formativo dell\u2019anno. Target: riqualificazione professionale","robots":{"index":"index","follow":"follow","max-snippet":"max-snippet:-1","max-image-preview":"max-image-preview:large","max-video-preview":"max-video-preview:-1"},"canonical":"https:\/\/www.intoo.com\/it\/limportanza-della-riqualificazione-professionale-attraverso-laggiornamento-continuo\/","og_locale":"it_IT","og_type":"article","og_title":"L'importanza della riqualificazione professionale","og_description":"Intervista al CEO di Quadrifor, vincitore del premio Miglior Progetto Formativo dell\u2019anno. Target: riqualificazione professionale","og_url":"https:\/\/www.intoo.com\/it\/limportanza-della-riqualificazione-professionale-attraverso-laggiornamento-continuo\/","og_site_name":"INTOO Italia","article_published_time":"2017-10-18T10:51:10+00:00","article_modified_time":"2024-10-14T12:41:25+00:00","og_image":[{"width":2560,"height":1877,"url":"https:\/\/www.intoo.com\/wp-content\/uploads\/sites\/3\/2017\/10\/riqualificazione-personale-scaled.jpg","type":"image\/jpeg"}],"author":"elizabethkirk1","twitter_card":"summary_large_image","twitter_misc":{"Written by":"elizabethkirk1","Est. reading time":"7 minutes"},"schema":{"@context":"https:\/\/schema.org","@graph":[{"@type":"Article","@id":"https:\/\/www.intoo.com\/it\/limportanza-della-riqualificazione-professionale-attraverso-laggiornamento-continuo\/#article","isPartOf":{"@id":"https:\/\/www.intoo.com\/it\/limportanza-della-riqualificazione-professionale-attraverso-laggiornamento-continuo\/"},"author":{"name":"elizabethkirk1","@id":"https:\/\/www.intoo.com\/it\/#\/schema\/person\/3f7dc3d02001b96dbcc78a3242b4b874"},"headline":"L&#8217;importanza della riqualificazione professionale attraverso l&#8217;aggiornamento continuo","datePublished":"2017-10-18T10:51:10+00:00","dateModified":"2024-10-14T12:41:25+00:00","mainEntityOfPage":{"@id":"https:\/\/www.intoo.com\/it\/limportanza-della-riqualificazione-professionale-attraverso-laggiornamento-continuo\/"},"wordCount":1132,"image":{"@id":"https:\/\/www.intoo.com\/it\/limportanza-della-riqualificazione-professionale-attraverso-laggiornamento-continuo\/#primaryimage"},"thumbnailUrl":"https:\/\/www.intoo.com\/wp-content\/uploads\/sites\/3\/2017\/10\/riqualificazione-personale-scaled.jpg","keywords":["riqualificazione professionale"],"articleSection":["Blog","Cambiare Lavoro"],"inLanguage":"it-IT"},{"@type":"WebPage","@id":"https:\/\/www.intoo.com\/it\/limportanza-della-riqualificazione-professionale-attraverso-laggiornamento-continuo\/","url":"https:\/\/www.intoo.com\/it\/limportanza-della-riqualificazione-professionale-attraverso-laggiornamento-continuo\/","name":"L'importanza della riqualificazione professionale","isPartOf":{"@id":"https:\/\/www.intoo.com\/it\/#website"},"primaryImageOfPage":{"@id":"https:\/\/www.intoo.com\/it\/limportanza-della-riqualificazione-professionale-attraverso-laggiornamento-continuo\/#primaryimage"},"image":{"@id":"https:\/\/www.intoo.com\/it\/limportanza-della-riqualificazione-professionale-attraverso-laggiornamento-continuo\/#primaryimage"},"thumbnailUrl":"https:\/\/www.intoo.com\/wp-content\/uploads\/sites\/3\/2017\/10\/riqualificazione-personale-scaled.jpg","datePublished":"2017-10-18T10:51:10+00:00","dateModified":"2024-10-14T12:41:25+00:00","author":{"@id":"https:\/\/www.intoo.com\/it\/#\/schema\/person\/3f7dc3d02001b96dbcc78a3242b4b874"},"description":"Intervista al CEO di Quadrifor, vincitore del premio Miglior Progetto Formativo dell\u2019anno. Target: riqualificazione professionale","breadcrumb":{"@id":"https:\/\/www.intoo.com\/it\/limportanza-della-riqualificazione-professionale-attraverso-laggiornamento-continuo\/#breadcrumb"},"inLanguage":"it-IT","potentialAction":[{"@type":"ReadAction","target":["https:\/\/www.intoo.com\/it\/limportanza-della-riqualificazione-professionale-attraverso-laggiornamento-continuo\/"]}]},{"@type":"ImageObject","inLanguage":"it-IT","@id":"https:\/\/www.intoo.com\/it\/limportanza-della-riqualificazione-professionale-attraverso-laggiornamento-continuo\/#primaryimage","url":"https:\/\/www.intoo.com\/wp-content\/uploads\/sites\/3\/2017\/10\/riqualificazione-personale-scaled.jpg","contentUrl":"https:\/\/www.intoo.com\/wp-content\/uploads\/sites\/3\/2017\/10\/riqualificazione-personale-scaled.jpg","width":2560,"height":1877,"caption":"riqualificazione professionale"},{"@type":"BreadcrumbList","@id":"https:\/\/www.intoo.com\/it\/limportanza-della-riqualificazione-professionale-attraverso-laggiornamento-continuo\/#breadcrumb","itemListElement":[{"@type":"ListItem","position":1,"name":"Home","item":"https:\/\/www.intoo.com\/it\/"},{"@type":"ListItem","position":2,"name":"L&#8217;importanza della riqualificazione professionale attraverso l&#8217;aggiornamento continuo"}]},{"@type":"WebSite","@id":"https:\/\/www.intoo.com\/it\/#website","url":"https:\/\/www.intoo.com\/it\/","name":"INTOO Italia","description":"Leader nello Sviluppo dell\u2019employability e Transizione di Carriera in Italia","potentialAction":[{"@type":"SearchAction","target":{"@type":"EntryPoint","urlTemplate":"https:\/\/www.intoo.com\/it\/?s={search_term_string}"},"query-input":{"@type":"PropertyValueSpecification","valueRequired":true,"valueName":"search_term_string"}}],"inLanguage":"it-IT"},{"@type":"Person","@id":"https:\/\/www.intoo.com\/it\/#\/schema\/person\/3f7dc3d02001b96dbcc78a3242b4b874","name":"elizabethkirk1","image":{"@type":"ImageObject","inLanguage":"it-IT","@id":"https:\/\/www.intoo.com\/it\/#\/schema\/person\/image\/","url":"https:\/\/secure.gravatar.com\/avatar\/4fe0f44a6a3eb5244e1a9d785855bd2ce8965435a1f68b41adec0684bcc288df?s=96&d=mm&r=g","contentUrl":"https:\/\/secure.gravatar.com\/avatar\/4fe0f44a6a3eb5244e1a9d785855bd2ce8965435a1f68b41adec0684bcc288df?s=96&d=mm&r=g","caption":"elizabethkirk1"},"url":"https:\/\/www.intoo.com\/it\/author\/elizabethkirk1\/"}]}},"_links":{"self":[{"href":"https:\/\/www.intoo.com\/it\/wp-json\/wp\/v2\/posts\/15867","targetHints":{"allow":["GET"]}}],"collection":[{"href":"https:\/\/www.intoo.com\/it\/wp-json\/wp\/v2\/posts"}],"about":[{"href":"https:\/\/www.intoo.com\/it\/wp-json\/wp\/v2\/types\/post"}],"author":[{"embeddable":true,"href":"https:\/\/www.intoo.com\/it\/wp-json\/wp\/v2\/users\/2"}],"replies":[{"embeddable":true,"href":"https:\/\/www.intoo.com\/it\/wp-json\/wp\/v2\/comments?post=15867"}],"version-history":[{"count":1,"href":"https:\/\/www.intoo.com\/it\/wp-json\/wp\/v2\/posts\/15867\/revisions"}],"predecessor-version":[{"id":54477,"href":"https:\/\/www.intoo.com\/it\/wp-json\/wp\/v2\/posts\/15867\/revisions\/54477"}],"wp:featuredmedia":[{"embeddable":true,"href":"https:\/\/www.intoo.com\/it\/wp-json\/wp\/v2\/media\/15874"}],"wp:attachment":[{"href":"https:\/\/www.intoo.com\/it\/wp-json\/wp\/v2\/media?parent=15867"}],"wp:term":[{"taxonomy":"category","embeddable":true,"href":"https:\/\/www.intoo.com\/it\/wp-json\/wp\/v2\/categories?post=15867"},{"taxonomy":"post_tag","embeddable":true,"href":"https:\/\/www.intoo.com\/it\/wp-json\/wp\/v2\/tags?post=15867"}],"curies":[{"name":"wp","href":"https:\/\/api.w.org\/{rel}","templated":true}]}}