{"id":39055,"date":"2022-11-03T08:23:05","date_gmt":"2022-11-03T08:23:05","guid":{"rendered":"https:\/\/www.intoo.com\/it\/?p=39055"},"modified":"2023-12-11T11:46:51","modified_gmt":"2023-12-11T11:46:51","slug":"spopola-il-dibattito-sulla-settimana-corta","status":"publish","type":"post","link":"https:\/\/www.intoo.com\/it\/spopola-il-dibattito-sulla-settimana-corta\/","title":{"rendered":"SPOPOLA IL DIBATTITO SULLA SETTIMANA CORTA"},"content":{"rendered":"<p>[et_pb_section fb_built=&#8221;1&#8243; admin_label=&#8221;section&#8221; _builder_version=&#8221;4.16&#8243; global_colors_info=&#8221;{}&#8221; theme_builder_area=&#8221;post_content&#8221; da_is_popup=&#8221;off&#8221; da_exit_intent=&#8221;off&#8221; da_has_close=&#8221;on&#8221; da_alt_close=&#8221;off&#8221; da_dark_close=&#8221;off&#8221; da_not_modal=&#8221;on&#8221; da_is_singular=&#8221;off&#8221; da_with_loader=&#8221;off&#8221; da_has_shadow=&#8221;on&#8221; da_disable_devices=&#8221;off|off|off&#8221;][et_pb_row admin_label=&#8221;row&#8221; _builder_version=&#8221;4.16&#8243; background_size=&#8221;initial&#8221; background_position=&#8221;top_left&#8221; background_repeat=&#8221;repeat&#8221; global_colors_info=&#8221;{}&#8221; theme_builder_area=&#8221;post_content&#8221;][et_pb_column type=&#8221;4_4&#8243; _builder_version=&#8221;4.16&#8243; custom_padding=&#8221;|||&#8221; global_colors_info=&#8221;{}&#8221; custom_padding__hover=&#8221;|||&#8221; theme_builder_area=&#8221;post_content&#8221;][et_pb_text admin_label=&#8221;Text&#8221; _builder_version=&#8221;4.16&#8243; background_size=&#8221;initial&#8221; background_position=&#8221;top_left&#8221; background_repeat=&#8221;repeat&#8221; global_colors_info=&#8221;{}&#8221; theme_builder_area=&#8221;post_content&#8221;]<\/p>\n<h2>Lavorare meno, con la settimana corta, \u00e8 pi\u00f9 producente?<\/h2>\n<p>Lavorare <strong>quattro giorni a settimana<\/strong> \u00e8\u00a0la proposta di <strong>Intesa Sanpaolo<\/strong> ai propri dipendenti. Una notizia che \u00e8 risultata deflagrante e sorprendente a livello comunicativo. Possibile? <strong>Pu\u00f2 il taglio delle ore di lavoro incrementare veramente la produttivit\u00e0?<\/strong> <strong>Quali sono i criteri per misurarla?<\/strong> Non pi\u00f9, quindi, i canonici 5 giorni di lavoro per un totale di 37,5 ore, ma uno in meno, a parit\u00e0 di stipendio.<\/p>\n<p>La prima banca del Paese, che ha oltre 74mila lavoratori in Italia e 96mila a livello globale, si prepara a fare da apripista, anche se \u00e8 ancora aperta la trattativa con i sindacati sulla <strong><a href=\"https:\/\/www.intoo.com\/it\/cat-blog\/piedi-ben-piantati-a-terra-orizzonte-ampio-perche-ci-e-utile-la-strategia-della-giraffa\/\">flessibilit\u00e0<\/a><\/strong> degli orari lavorativi. La scelta del giorno \u201clibero\u201d, allo stato attuale della discussione, potrebbe essere volontaria e ci sarebbe la possibilit\u00e0 di variare le giornate lavorate nel corso della settimana corta, dal luned\u00ec al venerd\u00ec, d\u2019intesa con il proprio responsabile.<\/p>\n<h2>La settimana corta in Europa<\/h2>\n<p>Se per l\u2019Italia \u00e8 una notizia sorprendente, in Europa il tema non solo anima il dibattito, ma \u00e8 diventato <strong>realt\u00e0 <\/strong>entro molti confini. Qualche giorno fa Londra ha annunciato di aver supportato il progetto firmato dal centro di ricerca <strong>Autonomy<\/strong> e dalla <strong>Ong 4 day week global<\/strong>, un test della settimana corta a cui aderiranno migliaia di lavoratori di settori e imprese diverse, avviando la sperimentazione pi\u00f9 ampia al mondo sulla rimodulazione dell\u2019orario lavorativo.<\/p>\n<p>L\u2019Islanda \u00e8 stata una delle prime a testare, dal 2015 al 2019, il grado di produttivit\u00e0 dei lavoratori a parit\u00e0 di salario, ma con una settimana corta di 4 giorni, per un totale di 35 o 36 ore settimanali. Ne \u00e8 emersa una <strong>migliore produttivit\u00e0<\/strong> nella maggior parte dei luoghi di lavoro. Sono stati gli stessi lavoratori ad affermare di essere meno stressati, <strong>riuscendo a equilibrare lavoro e vita privata<\/strong>. Anche il Governo belga a inizio 2022 ha introdotto la settimana corta di 4 giorni. In questo ultimo caso, per\u00f2, non si tagliano le ore lavorate, ma si condenseranno in meno giorni: un modo per rendere pi\u00f9 dinamica l\u2019economia e pi\u00f9 facile l\u2019equilibrio tra vita familiare e lavorativa. Anche la Spagna ha avviato un test della durata di tre anni per ridurre la settimana lavorativa arrivando a 32 ore.<\/p>\n<h2>Un nuovo modello di work-life balance<\/h2>\n<p>Insomma, questi movimenti tellurici identificano esigenze che sono emerse durante la pandemia: un nuovo <a href=\"https:\/\/www.intoo.com\/it\/cat-blog\/work-life-balance-cosa-vuol-dire-lavorare-sul-proprio-equilibrio\/\"><strong>Work-life balance<\/strong><\/a>, con una riduzione dello stress e un maggior benessere. Le strade per rispondere a questi nuovi bisogni sono molteplici, quel che \u00e8 evidente \u00e8 che alcune aziende \u2013 oltre ad accorgersene &#8211; stanno gi\u00e0 iniziando a disegnare i primi percorsi, convinte che la produttivit\u00e0 possa trovare una nuova forma.<\/p>\n<p>[\/et_pb_text][\/et_pb_column][\/et_pb_row][\/et_pb_section]<\/p>\n","protected":false},"excerpt":{"rendered":"<p>Lavorare meno, con la settimana corta, \u00e8 pi\u00f9 producente? Lavorare quattro giorni a settimana \u00e8\u00a0la proposta di Intesa Sanpaolo ai propri dipendenti. Una notizia che \u00e8 risultata deflagrante e sorprendente a livello comunicativo. Possibile? Pu\u00f2 il taglio delle ore di lavoro incrementare veramente la produttivit\u00e0? Quali sono i criteri per misurarla? Non pi\u00f9, quindi, i [&hellip;]<\/p>\n","protected":false},"author":2,"featured_media":39001,"comment_status":"closed","ping_status":"open","sticky":false,"template":"","format":"standard","meta":{"_et_pb_use_builder":"on","_et_pb_old_content":"\n<h2>Lavorare meno, con la settimana corta, \u00e8 pi\u00f9 producente?<\/h2>\nLavorare <strong>quattro giorni a settimana<\/strong> \u00e8\u00a0la proposta di <strong>Intesa Sanpaolo<\/strong> ai propri dipendenti. Una notizia che \u00e8 risultata deflagrante e sorprendente a livello comunicativo. Possibile? <strong>Pu\u00f2 il taglio delle ore di lavoro incrementare veramente la produttivit\u00e0?<\/strong> <strong>Quali sono i criteri per misurarla?<\/strong> Non pi\u00f9, quindi, i canonici 5 giorni di lavoro per un totale di 37,5 ore, ma uno in meno, a parit\u00e0 di stipendio.\n\nLa prima banca del Paese, che ha oltre 74mila lavoratori in Italia e 96mila a livello globale, si prepara a fare da apripista, anche se \u00e8 ancora aperta la trattativa con i sindacati sulla <strong><a href=\"https:\/\/www.intoo.com\/it\/cat-blog\/piedi-ben-piantati-a-terra-orizzonte-ampio-perche-ci-e-utile-la-strategia-della-giraffa\/\">flessibilit\u00e0<\/a><\/strong> degli orari lavorativi. La scelta del giorno \u201clibero\u201d, allo stato attuale della discussione, potrebbe essere volontaria e ci sarebbe la possibilit\u00e0 di variare le giornate lavorate nel corso della settimana corta, dal luned\u00ec al venerd\u00ec, d\u2019intesa con il proprio responsabile.\n<h2>La settimana corta in Europa<\/h2>\nSe per l\u2019Italia \u00e8 una notizia sorprendente, in Europa il tema non solo anima il dibattito, ma \u00e8 diventato <strong>realt\u00e0 <\/strong>entro molti confini. Qualche giorno fa Londra ha annunciato di aver supportato il progetto firmato dal centro di ricerca <strong>Autonomy<\/strong> e dalla <strong>Ong 4 day week global<\/strong>, un test della settimana corta a cui aderiranno migliaia di lavoratori di settori e imprese diverse, avviando la sperimentazione pi\u00f9 ampia al mondo sulla rimodulazione dell\u2019orario lavorativo.\n\nL\u2019Islanda \u00e8 stata una delle prime a testare, dal 2015 al 2019, il grado di produttivit\u00e0 dei lavoratori a parit\u00e0 di salario, ma con una settimana corta di 4 giorni, per un totale di 35 o 36 ore settimanali. Ne \u00e8 emersa una <strong>migliore produttivit\u00e0<\/strong> nella maggior parte dei luoghi di lavoro. Sono stati gli stessi lavoratori ad affermare di essere meno stressati, <strong>riuscendo a equilibrare lavoro e vita privata<\/strong>. Anche il Governo belga a inizio 2022 ha introdotto la settimana corta di 4 giorni. In questo ultimo caso, per\u00f2, non si tagliano le ore lavorate, ma si condenseranno in meno giorni: un modo per rendere pi\u00f9 dinamica l\u2019economia e pi\u00f9 facile l\u2019equilibrio tra vita familiare e lavorativa. Anche la Spagna ha avviato un test della durata di tre anni per ridurre la settimana lavorativa arrivando a 32 ore.\n<h2>Un nuovo modello di work-life balance<\/h2>\nInsomma, questi movimenti tellurici identificano esigenze che sono emerse durante la pandemia: un nuovo <a href=\"https:\/\/www.intoo.com\/it\/cat-blog\/work-life-balance-cosa-vuol-dire-lavorare-sul-proprio-equilibrio\/\"><strong>Work-life balance<\/strong><\/a>, con una riduzione dello stress e un maggior benessere. Le strade per rispondere a questi nuovi bisogni sono molteplici, quel che \u00e8 evidente \u00e8 che alcune aziende \u2013 oltre ad accorgersene - stanno gi\u00e0 iniziando a disegnare i primi percorsi, convinte che la produttivit\u00e0 possa trovare una nuova forma.[vc_separator color=\"green\"]\n<h3 style=\"text-align: center\">Dai nuova vita alla tua carriera: ricevi consigli e tecniche per affrontare il mercato del lavoro<\/h3>\n[vc_btn title=\"Iscriviti ora!\" color=\"green\" align=\"center\" link=\"url:https%3A%2F%2Fit.myintoo.com%2Flogin%3FreturnUrl%3D%252Fmembers%252Fhome|target:_blank\"][\/vc_column][\/vc_row]","_et_gb_content_width":"","footnotes":"","_links_to":"","_links_to_target":""},"categories":[14],"tags":[405,83,123,157,340,203,288],"class_list":["post-39055","post","type-post","status-publish","format-standard","has-post-thumbnail","hentry","category-cat-blog","tag-futuro","tag-futuro-del-lavoro","tag-futuro-professionale","tag-persona","tag-persone-di-valore","tag-soddisfazione","tag-valore"],"yoast_head":"<!-- This site is optimized with the Yoast SEO plugin v26.9 - https:\/\/yoast.com\/product\/yoast-seo-wordpress\/ -->\n<title>SPOPOLA IL DIBATTITO SULLA SETTIMANA CORTA - INTOO Italia<\/title>\n<meta name=\"description\" content=\"Se per l\u2019Italia \u00e8 una notizia sorprendente, in Europa la settimana corta \u00e8 diventata realt\u00e0 entro molti confini.\" \/>\n<meta name=\"robots\" content=\"index, follow, max-snippet:-1, max-image-preview:large, max-video-preview:-1\" \/>\n<link rel=\"canonical\" href=\"https:\/\/www.intoo.com\/it\/spopola-il-dibattito-sulla-settimana-corta\/\" \/>\n<meta property=\"og:locale\" content=\"it_IT\" \/>\n<meta property=\"og:type\" content=\"article\" \/>\n<meta property=\"og:title\" content=\"SPOPOLA IL DIBATTITO SULLA SETTIMANA CORTA - INTOO Italia\" \/>\n<meta property=\"og:description\" content=\"Se per l\u2019Italia \u00e8 una notizia sorprendente, in Europa la settimana corta \u00e8 diventata realt\u00e0 entro molti confini.\" \/>\n<meta property=\"og:url\" content=\"https:\/\/www.intoo.com\/it\/spopola-il-dibattito-sulla-settimana-corta\/\" \/>\n<meta property=\"og:site_name\" content=\"INTOO Italia\" \/>\n<meta property=\"article:published_time\" content=\"2022-11-03T08:23:05+00:00\" \/>\n<meta property=\"article:modified_time\" content=\"2023-12-11T11:46:51+00:00\" \/>\n<meta property=\"og:image\" content=\"https:\/\/www.intoo.com\/wp-content\/uploads\/sites\/3\/2022\/10\/Spopola-il-dibattito-sulla-settimana-corta.jpg\" \/>\n\t<meta property=\"og:image:width\" content=\"979\" \/>\n\t<meta property=\"og:image:height\" content=\"653\" \/>\n\t<meta property=\"og:image:type\" content=\"image\/jpeg\" \/>\n<meta name=\"author\" content=\"elizabethkirk1\" \/>\n<meta name=\"twitter:card\" content=\"summary_large_image\" \/>\n<meta name=\"twitter:image\" content=\"https:\/\/www.intoo.com\/wp-content\/uploads\/sites\/3\/2022\/10\/Spopola-il-dibattito-sulla-settimana-corta.jpg\" \/>\n<meta name=\"twitter:label1\" content=\"Written by\" \/>\n\t<meta name=\"twitter:data1\" content=\"elizabethkirk1\" \/>\n\t<meta name=\"twitter:label2\" content=\"Est. reading time\" \/>\n\t<meta name=\"twitter:data2\" content=\"3 minutes\" \/>\n<script type=\"application\/ld+json\" class=\"yoast-schema-graph\">{\"@context\":\"https:\/\/schema.org\",\"@graph\":[{\"@type\":\"Article\",\"@id\":\"https:\/\/www.intoo.com\/it\/spopola-il-dibattito-sulla-settimana-corta\/#article\",\"isPartOf\":{\"@id\":\"https:\/\/www.intoo.com\/it\/spopola-il-dibattito-sulla-settimana-corta\/\"},\"author\":{\"name\":\"elizabethkirk1\",\"@id\":\"https:\/\/www.intoo.com\/it\/#\/schema\/person\/3f7dc3d02001b96dbcc78a3242b4b874\"},\"headline\":\"SPOPOLA IL DIBATTITO SULLA SETTIMANA CORTA\",\"datePublished\":\"2022-11-03T08:23:05+00:00\",\"dateModified\":\"2023-12-11T11:46:51+00:00\",\"mainEntityOfPage\":{\"@id\":\"https:\/\/www.intoo.com\/it\/spopola-il-dibattito-sulla-settimana-corta\/\"},\"wordCount\":572,\"image\":{\"@id\":\"https:\/\/www.intoo.com\/it\/spopola-il-dibattito-sulla-settimana-corta\/#primaryimage\"},\"thumbnailUrl\":\"https:\/\/www.intoo.com\/wp-content\/uploads\/sites\/3\/2022\/10\/Spopola-il-dibattito-sulla-settimana-corta.jpg\",\"keywords\":[\"futuro\",\"futuro del lavoro\",\"futuro professionale\",\"persona\",\"persone di valore\",\"soddisfazione\",\"valore\"],\"articleSection\":[\"Blog\"],\"inLanguage\":\"it-IT\"},{\"@type\":\"WebPage\",\"@id\":\"https:\/\/www.intoo.com\/it\/spopola-il-dibattito-sulla-settimana-corta\/\",\"url\":\"https:\/\/www.intoo.com\/it\/spopola-il-dibattito-sulla-settimana-corta\/\",\"name\":\"SPOPOLA IL DIBATTITO SULLA SETTIMANA CORTA - INTOO Italia\",\"isPartOf\":{\"@id\":\"https:\/\/www.intoo.com\/it\/#website\"},\"primaryImageOfPage\":{\"@id\":\"https:\/\/www.intoo.com\/it\/spopola-il-dibattito-sulla-settimana-corta\/#primaryimage\"},\"image\":{\"@id\":\"https:\/\/www.intoo.com\/it\/spopola-il-dibattito-sulla-settimana-corta\/#primaryimage\"},\"thumbnailUrl\":\"https:\/\/www.intoo.com\/wp-content\/uploads\/sites\/3\/2022\/10\/Spopola-il-dibattito-sulla-settimana-corta.jpg\",\"datePublished\":\"2022-11-03T08:23:05+00:00\",\"dateModified\":\"2023-12-11T11:46:51+00:00\",\"author\":{\"@id\":\"https:\/\/www.intoo.com\/it\/#\/schema\/person\/3f7dc3d02001b96dbcc78a3242b4b874\"},\"description\":\"Se per l\u2019Italia \u00e8 una notizia sorprendente, in Europa la settimana corta \u00e8 diventata realt\u00e0 entro molti confini.\",\"breadcrumb\":{\"@id\":\"https:\/\/www.intoo.com\/it\/spopola-il-dibattito-sulla-settimana-corta\/#breadcrumb\"},\"inLanguage\":\"it-IT\",\"potentialAction\":[{\"@type\":\"ReadAction\",\"target\":[\"https:\/\/www.intoo.com\/it\/spopola-il-dibattito-sulla-settimana-corta\/\"]}]},{\"@type\":\"ImageObject\",\"inLanguage\":\"it-IT\",\"@id\":\"https:\/\/www.intoo.com\/it\/spopola-il-dibattito-sulla-settimana-corta\/#primaryimage\",\"url\":\"https:\/\/www.intoo.com\/wp-content\/uploads\/sites\/3\/2022\/10\/Spopola-il-dibattito-sulla-settimana-corta.jpg\",\"contentUrl\":\"https:\/\/www.intoo.com\/wp-content\/uploads\/sites\/3\/2022\/10\/Spopola-il-dibattito-sulla-settimana-corta.jpg\",\"width\":979,\"height\":653},{\"@type\":\"BreadcrumbList\",\"@id\":\"https:\/\/www.intoo.com\/it\/spopola-il-dibattito-sulla-settimana-corta\/#breadcrumb\",\"itemListElement\":[{\"@type\":\"ListItem\",\"position\":1,\"name\":\"Home\",\"item\":\"https:\/\/www.intoo.com\/it\/\"},{\"@type\":\"ListItem\",\"position\":2,\"name\":\"SPOPOLA IL DIBATTITO SULLA SETTIMANA CORTA\"}]},{\"@type\":\"WebSite\",\"@id\":\"https:\/\/www.intoo.com\/it\/#website\",\"url\":\"https:\/\/www.intoo.com\/it\/\",\"name\":\"INTOO Italia\",\"description\":\"Leader nello Sviluppo dell\u2019employability e Transizione di Carriera in Italia\",\"potentialAction\":[{\"@type\":\"SearchAction\",\"target\":{\"@type\":\"EntryPoint\",\"urlTemplate\":\"https:\/\/www.intoo.com\/it\/?s={search_term_string}\"},\"query-input\":{\"@type\":\"PropertyValueSpecification\",\"valueRequired\":true,\"valueName\":\"search_term_string\"}}],\"inLanguage\":\"it-IT\"},{\"@type\":\"Person\",\"@id\":\"https:\/\/www.intoo.com\/it\/#\/schema\/person\/3f7dc3d02001b96dbcc78a3242b4b874\",\"name\":\"elizabethkirk1\",\"image\":{\"@type\":\"ImageObject\",\"inLanguage\":\"it-IT\",\"@id\":\"https:\/\/www.intoo.com\/it\/#\/schema\/person\/image\/\",\"url\":\"https:\/\/secure.gravatar.com\/avatar\/4fe0f44a6a3eb5244e1a9d785855bd2ce8965435a1f68b41adec0684bcc288df?s=96&d=mm&r=g\",\"contentUrl\":\"https:\/\/secure.gravatar.com\/avatar\/4fe0f44a6a3eb5244e1a9d785855bd2ce8965435a1f68b41adec0684bcc288df?s=96&d=mm&r=g\",\"caption\":\"elizabethkirk1\"},\"url\":\"https:\/\/www.intoo.com\/it\/author\/elizabethkirk1\/\"}]}<\/script>\n<!-- \/ Yoast SEO plugin. -->","yoast_head_json":{"title":"SPOPOLA IL DIBATTITO SULLA SETTIMANA CORTA - INTOO Italia","description":"Se per l\u2019Italia \u00e8 una notizia sorprendente, in Europa la settimana corta \u00e8 diventata realt\u00e0 entro molti confini.","robots":{"index":"index","follow":"follow","max-snippet":"max-snippet:-1","max-image-preview":"max-image-preview:large","max-video-preview":"max-video-preview:-1"},"canonical":"https:\/\/www.intoo.com\/it\/spopola-il-dibattito-sulla-settimana-corta\/","og_locale":"it_IT","og_type":"article","og_title":"SPOPOLA IL DIBATTITO SULLA SETTIMANA CORTA - INTOO Italia","og_description":"Se per l\u2019Italia \u00e8 una notizia sorprendente, in Europa la settimana corta \u00e8 diventata realt\u00e0 entro molti confini.","og_url":"https:\/\/www.intoo.com\/it\/spopola-il-dibattito-sulla-settimana-corta\/","og_site_name":"INTOO Italia","article_published_time":"2022-11-03T08:23:05+00:00","article_modified_time":"2023-12-11T11:46:51+00:00","og_image":[{"width":979,"height":653,"url":"https:\/\/www.intoo.com\/wp-content\/uploads\/sites\/3\/2022\/10\/Spopola-il-dibattito-sulla-settimana-corta.jpg","type":"image\/jpeg"}],"author":"elizabethkirk1","twitter_card":"summary_large_image","twitter_image":"https:\/\/www.intoo.com\/wp-content\/uploads\/sites\/3\/2022\/10\/Spopola-il-dibattito-sulla-settimana-corta.jpg","twitter_misc":{"Written by":"elizabethkirk1","Est. reading time":"3 minutes"},"schema":{"@context":"https:\/\/schema.org","@graph":[{"@type":"Article","@id":"https:\/\/www.intoo.com\/it\/spopola-il-dibattito-sulla-settimana-corta\/#article","isPartOf":{"@id":"https:\/\/www.intoo.com\/it\/spopola-il-dibattito-sulla-settimana-corta\/"},"author":{"name":"elizabethkirk1","@id":"https:\/\/www.intoo.com\/it\/#\/schema\/person\/3f7dc3d02001b96dbcc78a3242b4b874"},"headline":"SPOPOLA IL DIBATTITO SULLA SETTIMANA CORTA","datePublished":"2022-11-03T08:23:05+00:00","dateModified":"2023-12-11T11:46:51+00:00","mainEntityOfPage":{"@id":"https:\/\/www.intoo.com\/it\/spopola-il-dibattito-sulla-settimana-corta\/"},"wordCount":572,"image":{"@id":"https:\/\/www.intoo.com\/it\/spopola-il-dibattito-sulla-settimana-corta\/#primaryimage"},"thumbnailUrl":"https:\/\/www.intoo.com\/wp-content\/uploads\/sites\/3\/2022\/10\/Spopola-il-dibattito-sulla-settimana-corta.jpg","keywords":["futuro","futuro del lavoro","futuro professionale","persona","persone di valore","soddisfazione","valore"],"articleSection":["Blog"],"inLanguage":"it-IT"},{"@type":"WebPage","@id":"https:\/\/www.intoo.com\/it\/spopola-il-dibattito-sulla-settimana-corta\/","url":"https:\/\/www.intoo.com\/it\/spopola-il-dibattito-sulla-settimana-corta\/","name":"SPOPOLA IL DIBATTITO SULLA SETTIMANA CORTA - INTOO Italia","isPartOf":{"@id":"https:\/\/www.intoo.com\/it\/#website"},"primaryImageOfPage":{"@id":"https:\/\/www.intoo.com\/it\/spopola-il-dibattito-sulla-settimana-corta\/#primaryimage"},"image":{"@id":"https:\/\/www.intoo.com\/it\/spopola-il-dibattito-sulla-settimana-corta\/#primaryimage"},"thumbnailUrl":"https:\/\/www.intoo.com\/wp-content\/uploads\/sites\/3\/2022\/10\/Spopola-il-dibattito-sulla-settimana-corta.jpg","datePublished":"2022-11-03T08:23:05+00:00","dateModified":"2023-12-11T11:46:51+00:00","author":{"@id":"https:\/\/www.intoo.com\/it\/#\/schema\/person\/3f7dc3d02001b96dbcc78a3242b4b874"},"description":"Se per l\u2019Italia \u00e8 una notizia sorprendente, in Europa la settimana corta \u00e8 diventata realt\u00e0 entro molti confini.","breadcrumb":{"@id":"https:\/\/www.intoo.com\/it\/spopola-il-dibattito-sulla-settimana-corta\/#breadcrumb"},"inLanguage":"it-IT","potentialAction":[{"@type":"ReadAction","target":["https:\/\/www.intoo.com\/it\/spopola-il-dibattito-sulla-settimana-corta\/"]}]},{"@type":"ImageObject","inLanguage":"it-IT","@id":"https:\/\/www.intoo.com\/it\/spopola-il-dibattito-sulla-settimana-corta\/#primaryimage","url":"https:\/\/www.intoo.com\/wp-content\/uploads\/sites\/3\/2022\/10\/Spopola-il-dibattito-sulla-settimana-corta.jpg","contentUrl":"https:\/\/www.intoo.com\/wp-content\/uploads\/sites\/3\/2022\/10\/Spopola-il-dibattito-sulla-settimana-corta.jpg","width":979,"height":653},{"@type":"BreadcrumbList","@id":"https:\/\/www.intoo.com\/it\/spopola-il-dibattito-sulla-settimana-corta\/#breadcrumb","itemListElement":[{"@type":"ListItem","position":1,"name":"Home","item":"https:\/\/www.intoo.com\/it\/"},{"@type":"ListItem","position":2,"name":"SPOPOLA IL DIBATTITO SULLA SETTIMANA CORTA"}]},{"@type":"WebSite","@id":"https:\/\/www.intoo.com\/it\/#website","url":"https:\/\/www.intoo.com\/it\/","name":"INTOO Italia","description":"Leader nello Sviluppo dell\u2019employability e Transizione di Carriera in Italia","potentialAction":[{"@type":"SearchAction","target":{"@type":"EntryPoint","urlTemplate":"https:\/\/www.intoo.com\/it\/?s={search_term_string}"},"query-input":{"@type":"PropertyValueSpecification","valueRequired":true,"valueName":"search_term_string"}}],"inLanguage":"it-IT"},{"@type":"Person","@id":"https:\/\/www.intoo.com\/it\/#\/schema\/person\/3f7dc3d02001b96dbcc78a3242b4b874","name":"elizabethkirk1","image":{"@type":"ImageObject","inLanguage":"it-IT","@id":"https:\/\/www.intoo.com\/it\/#\/schema\/person\/image\/","url":"https:\/\/secure.gravatar.com\/avatar\/4fe0f44a6a3eb5244e1a9d785855bd2ce8965435a1f68b41adec0684bcc288df?s=96&d=mm&r=g","contentUrl":"https:\/\/secure.gravatar.com\/avatar\/4fe0f44a6a3eb5244e1a9d785855bd2ce8965435a1f68b41adec0684bcc288df?s=96&d=mm&r=g","caption":"elizabethkirk1"},"url":"https:\/\/www.intoo.com\/it\/author\/elizabethkirk1\/"}]}},"_links":{"self":[{"href":"https:\/\/www.intoo.com\/it\/wp-json\/wp\/v2\/posts\/39055","targetHints":{"allow":["GET"]}}],"collection":[{"href":"https:\/\/www.intoo.com\/it\/wp-json\/wp\/v2\/posts"}],"about":[{"href":"https:\/\/www.intoo.com\/it\/wp-json\/wp\/v2\/types\/post"}],"author":[{"embeddable":true,"href":"https:\/\/www.intoo.com\/it\/wp-json\/wp\/v2\/users\/2"}],"replies":[{"embeddable":true,"href":"https:\/\/www.intoo.com\/it\/wp-json\/wp\/v2\/comments?post=39055"}],"version-history":[{"count":0,"href":"https:\/\/www.intoo.com\/it\/wp-json\/wp\/v2\/posts\/39055\/revisions"}],"wp:featuredmedia":[{"embeddable":true,"href":"https:\/\/www.intoo.com\/it\/wp-json\/wp\/v2\/media\/39001"}],"wp:attachment":[{"href":"https:\/\/www.intoo.com\/it\/wp-json\/wp\/v2\/media?parent=39055"}],"wp:term":[{"taxonomy":"category","embeddable":true,"href":"https:\/\/www.intoo.com\/it\/wp-json\/wp\/v2\/categories?post=39055"},{"taxonomy":"post_tag","embeddable":true,"href":"https:\/\/www.intoo.com\/it\/wp-json\/wp\/v2\/tags?post=39055"}],"curies":[{"name":"wp","href":"https:\/\/api.w.org\/{rel}","templated":true}]}}